{"id":1,"date":"2024-03-11T15:55:32","date_gmt":"2024-03-11T14:55:32","guid":{"rendered":"http:\/\/ledetourtherapie.com\/?p=1"},"modified":"2024-03-19T15:02:13","modified_gmt":"2024-03-19T14:02:13","slug":"bonjour-tout-le-monde","status":"publish","type":"post","link":"https:\/\/ledetour-therapie.com\/index.php\/2024\/03\/11\/bonjour-tout-le-monde\/","title":{"rendered":"Faire de son r\u00e9cit familial une oeuvre d\u2019art"},"content":{"rendered":"\n<h2 class=\"wp-block-heading\"><strong>Faire de son r\u00e9cit familial une oeuvre d\u2019art<\/strong><\/h2>\n\n\n\n<p>Ces deux jours d&rsquo;ateliers sont une invitation \u00e0 revisiter son histoire de famille \u00e0 l&rsquo;aide de diff\u00e9rents outils (arbre de famille, photographie, gestalt de groupe, collage, \u00e9criture&#8230;) pour mettre en forme l&#8217;empreinte des g\u00e9n\u00e9rations pr\u00e9c\u00e9dentes sur nos vies. Eclairer les inconnus, mettre \u00e0 jour les sch\u00e9mas r\u00e9p\u00e9titifs, missions et loyaut\u00e9s qui nous constituent. A l&rsquo;aide du medium artistique et de la dynamique de groupe, ce stage sera l&rsquo;occasion de partir de notre h\u00e9ritage interg\u00e9n\u00e9rationnel pour cr\u00e9er du beau et du sensible, ensemble. <\/p>\n\n\n\n<h5 class=\"wp-block-heading\">Les objectifs <\/h5>\n\n\n\n<ul class=\"wp-block-list\">\n<li>S\u2019autoriser \u00e0 ouvrir un espace temps d\u00e9di\u00e9 \u00e0 son histoire familiale&nbsp;<\/li>\n\n\n\n<li>Clarifier et mettre en forme son histoire g\u00e9n\u00e9rationnelle&nbsp;<\/li>\n\n\n\n<li>\u00c9tablir des liens quant \u00e0 ses choix de vie fondamentaux&nbsp;<\/li>\n\n\n\n<li>\u00c9clairer certains \u00e9v\u00e8nements d\u00e9terminants : conflits, s\u00e9parations, sant\u00e9, rapports \u00e0 l\u2019\u00e9chec ou \u00e0 la r\u00e9ussite, non-dits, statut et mobilit\u00e9 sociale, naissances, deuils\u2026&nbsp;<\/li>\n\n\n\n<li>Engager un processus de diff\u00e9renciation, d\u2019acceptation et de tri avec son h\u00e9ritage g\u00e9n\u00e9rationnelle&nbsp;<\/li>\n\n\n\n<li>Faire de son histoire familiale une oeuvre artistique<\/li>\n<\/ul>\n\n\n\n<h5 class=\"wp-block-heading\"> La bande <\/h5>\n\n\n\n<p><strong>Morgane Lombard, photographe et facilitatrice<\/strong><\/p>\n\n\n\n<div class=\"wp-block-columns is-layout-flex wp-container-core-columns-is-layout-28f84493 wp-block-columns-is-layout-flex\">\n<div class=\"wp-block-column is-layout-flow wp-block-column-is-layout-flow\" style=\"flex-basis:50%\">\n<figure class=\"wp-block-image size-full is-resized has-custom-border\"><img loading=\"lazy\" decoding=\"async\" width=\"500\" height=\"500\" src=\"https:\/\/ledetour-therapie.com\/wp-content\/uploads\/2024\/03\/IMG_morgane-1.jpg\" alt=\"\" class=\"wp-image-3754\" style=\"border-radius:16px;object-fit:cover;width:319px;height:auto\" srcset=\"https:\/\/ledetour-therapie.com\/wp-content\/uploads\/2024\/03\/IMG_morgane-1.jpg 500w, https:\/\/ledetour-therapie.com\/wp-content\/uploads\/2024\/03\/IMG_morgane-1-300x300.jpg 300w, https:\/\/ledetour-therapie.com\/wp-content\/uploads\/2024\/03\/IMG_morgane-1-150x150.jpg 150w\" sizes=\"auto, (max-width: 500px) 100vw, 500px\" \/><\/figure>\n<\/div>\n\n\n\n<div class=\"wp-block-column is-layout-flow wp-block-column-is-layout-flow\" style=\"flex-basis:50%\">\n<p>J&rsquo;ai la conviction que la photographie et les images sont th\u00e9rapeutiques en soi, je l\u2019utilise donc dans ce sens pour accompagner des personnes \u00e0 changer de regard sur elle-m\u00eame et sur le monde. <\/p>\n\n\n\n<p>Je suis form\u00e9e aux techniques de phototh\u00e9rapie, ainsi qu\u2019\u00e0 la photographie th\u00e9rapeutique et d\u2019action sociale. <\/p>\n<\/div>\n<\/div>\n\n\n\n<p><strong><strong>Alexandra Cauchard, Gestalt praticienne et fondatrice du D\u00e9tour et de Nouvel oeil<\/strong><\/strong><\/p>\n\n\n\n<div class=\"wp-block-columns is-layout-flex wp-container-core-columns-is-layout-28f84493 wp-block-columns-is-layout-flex\">\n<div class=\"wp-block-column is-layout-flow wp-block-column-is-layout-flow\" style=\"flex-basis:50%\">\n<figure class=\"wp-block-image size-full is-resized has-custom-border\"><img loading=\"lazy\" decoding=\"async\" width=\"500\" height=\"500\" src=\"http:\/\/ledetour-therapie.com\/wp-content\/uploads\/2024\/03\/alex.jpg\" alt=\"\" class=\"wp-image-3782\" style=\"border-radius:17px;width:323px;height:auto\" srcset=\"https:\/\/ledetour-therapie.com\/wp-content\/uploads\/2024\/03\/alex.jpg 500w, https:\/\/ledetour-therapie.com\/wp-content\/uploads\/2024\/03\/alex-300x300.jpg 300w, https:\/\/ledetour-therapie.com\/wp-content\/uploads\/2024\/03\/alex-150x150.jpg 150w\" sizes=\"auto, (max-width: 500px) 100vw, 500px\" \/><\/figure>\n<\/div>\n\n\n\n<div class=\"wp-block-column is-layout-flow wp-block-column-is-layout-flow\" style=\"flex-basis:50%\">\n<p>Ce que j\u2019aime c\u2019est aider un groupe \u00e0 inventer ensemble de multiples possibles, \u00e0 nouer des liens fertiles pour apprendre sur soi, sur sa relation \u00e0 l\u2019autre et au monde. <\/p>\n\n\n\n<p>Depuis quelques ann\u00e9es, je travaille moi-m\u00eame \u00e0 comprendre l&rsquo;histoire familiale qui me compose et le transforme en ouvrage \u00e9crit et audio. Cet acte th\u00e9rapeutique de r\u00e9appropriation de son h\u00e9ritage par l&rsquo;ouvrage cr\u00e9atif, j&rsquo;ai \u00e0 coeur de le partager en facilitant avec Morgane cet atelier. <\/p>\n<\/div>\n<\/div>\n\n\n\n<div class=\"wp-block-columns has-background is-layout-flex wp-container-core-columns-is-layout-7f3773af wp-block-columns-is-layout-flex\" style=\"background-color:#8dba9c24\">\n<div class=\"wp-block-column is-layout-flow wp-block-column-is-layout-flow\" style=\"flex-basis:50%\">\n<p><strong>Nous retrouver sur les r\u00e9seaux <\/strong>\u2728 <br><a href=\"https:\/\/www.linkedin.com\/in\/alexandracauchard\/\" target=\"_blank\" rel=\"noreferrer noopener\">https:\/\/www.linkedin.com\/in\/alexandracauchard\/ <\/a><a href=\"https:\/\/ledetour-therapie.com\/\" target=\"_blank\" rel=\"noreferrer noopener\">https:\/\/ledetour-therapie.com\/ <\/a><br><a href=\"https:\/\/www.nouveloeil.org\/\" target=\"_blank\" rel=\"noreferrer noopener\">https:\/\/www.nouveloeil.org\/ <\/a><br><a href=\"http:\/\/www.morganelombard.com\" target=\"_blank\" rel=\"noreferrer noopener\">www.morganelombard.com <\/a><a href=\"https:\/\/www.instagram.com\/morgane_lmb\/\" target=\"_blank\" rel=\"noreferrer noopener\">https:\/\/www.instagram.com\/morgane_lmb\/<\/a><\/p>\n<\/div>\n\n\n\n<div class=\"wp-block-column is-layout-flow wp-block-column-is-layout-flow\" style=\"flex-basis:50%\">\n<p><strong>Dates :<\/strong> 13 et 14 avril 2024 de 10h \u00e0 17h <br><strong>Lieu :<\/strong> Schoolab Saint Lazare <br>Ouvert \u00e0 tout le monde 14 personnes <br><strong>Tarif de base :<\/strong> 165 euros <br><strong>Tarif solidaire : <\/strong>150 euros <br>Ce tarif comprend les deux jours d\u2019animation + une photo professionnelle et artistique de toi (surprise surprise).<br>Ce tarif ne comprend pas : le d\u00e9jeuner sur place <\/p>\n<\/div>\n<\/div>\n\n\n\n<div class=\"wp-block-uagb-info-box uagb-block-e7bf8910 uagb-infobox__content-wrap  uagb-infobox-icon-above-title uagb-infobox-image-valign-top\"><div class=\"uagb-ifb-content\"><div class=\"uagb-ifb-title-wrap\"><\/div><div class=\"uagb-ifb-button-wrapper wp-block-button\"><a href=\"mailto:alexandra@ledetour-therapie.com\" class=\"uagb-infobox-cta-link wp-block-button__link\" target=\"_blank\" rel=\"noopener noreferrer\" onclick=\"return true;\" alt=\"\"><span class=\"uagb-inline-editing\">Inscription<\/span><\/a><\/div><\/div><\/div>\n","protected":false},"excerpt":{"rendered":"<p>Deux jours d&rsquo;ateliers pour revisiter son histoire de famille \u00e0 l&rsquo;aide de diff\u00e9rents outils (arbre de famille, photographie, gestalt de groupe, collage, \u00e9criture&#8230;) et mettre en forme l&#8217;empreinte des g\u00e9n\u00e9rations pr\u00e9c\u00e9dentes sur nos vies. <\/p>\n","protected":false},"author":1,"featured_media":3692,"comment_status":"closed","ping_status":"closed","sticky":false,"template":"","format":"standard","meta":{"_uag_custom_page_level_css":"","site-sidebar-layout":"default","site-content-layout":"","ast-site-content-layout":"default","site-content-style":"default","site-sidebar-style":"default","ast-global-header-display":"","ast-banner-title-visibility":"","ast-main-header-display":"","ast-hfb-above-header-display":"","ast-hfb-below-header-display":"","ast-hfb-mobile-header-display":"","site-post-title":"disabled","ast-breadcrumbs-content":"","ast-featured-img":"","footer-sml-layout":"","theme-transparent-header-meta":"","adv-header-id-meta":"","stick-header-meta":"","header-above-stick-meta":"","header-main-stick-meta":"","header-below-stick-meta":"","astra-migrate-meta-layouts":"set","ast-page-background-enabled":"default","ast-page-background-meta":{"desktop":{"background-color":"var(--ast-global-color-4)","background-image":"","background-repeat":"repeat","background-position":"center center","background-size":"auto","background-attachment":"scroll","background-type":"","background-media":"","overlay-type":"","overlay-color":"","overlay-gradient":""},"tablet":{"background-color":"","background-image":"","background-repeat":"repeat","background-position":"center center","background-size":"auto","background-attachment":"scroll","background-type":"","background-media":"","overlay-type":"","overlay-color":"","overlay-gradient":""},"mobile":{"background-color":"","background-image":"","background-repeat":"repeat","background-position":"center center","background-size":"auto","background-attachment":"scroll","background-type":"","background-media":"","overlay-type":"","overlay-color":"","overlay-gradient":""}},"ast-content-background-meta":{"desktop":{"background-color":"var(--ast-global-color-5)","background-image":"","background-repeat":"repeat","background-position":"center center","background-size":"auto","background-attachment":"scroll","background-type":"","background-media":"","overlay-type":"","overlay-color":"","overlay-gradient":""},"tablet":{"background-color":"var(--ast-global-color-5)","background-image":"","background-repeat":"repeat","background-position":"center center","background-size":"auto","background-attachment":"scroll","background-type":"","background-media":"","overlay-type":"","overlay-color":"","overlay-gradient":""},"mobile":{"background-color":"var(--ast-global-color-5)","background-image":"","background-repeat":"repeat","background-position":"center center","background-size":"auto","background-attachment":"scroll","background-type":"","background-media":"","overlay-type":"","overlay-color":"","overlay-gradient":""}},"footnotes":""},"categories":[8],"tags":[],"class_list":["post-1","post","type-post","status-publish","format-standard","has-post-thumbnail","hentry","category-ateliers"],"uagb_featured_image_src":{"full":["https:\/\/ledetour-therapie.com\/wp-content\/uploads\/2024\/03\/Recit-familial-1-copie.png",1640,924,false],"thumbnail":["https:\/\/ledetour-therapie.com\/wp-content\/uploads\/2024\/03\/Recit-familial-1-copie-150x150.png",150,150,true],"medium":["https:\/\/ledetour-therapie.com\/wp-content\/uploads\/2024\/03\/Recit-familial-1-copie-300x169.png",300,169,true],"medium_large":["https:\/\/ledetour-therapie.com\/wp-content\/uploads\/2024\/03\/Recit-familial-1-copie-768x433.png",768,433,true],"large":["https:\/\/ledetour-therapie.com\/wp-content\/uploads\/2024\/03\/Recit-familial-1-copie-1024x577.png",1024,577,true],"1536x1536":["https:\/\/ledetour-therapie.com\/wp-content\/uploads\/2024\/03\/Recit-familial-1-copie-1536x865.png",1536,865,true],"2048x2048":["https:\/\/ledetour-therapie.com\/wp-content\/uploads\/2024\/03\/Recit-familial-1-copie.png",1640,924,false]},"uagb_author_info":{"display_name":"Alexandra","author_link":"https:\/\/ledetour-therapie.com\/index.php\/author\/admin3915\/"},"uagb_comment_info":0,"uagb_excerpt":"Deux jours d'ateliers pour revisiter son histoire de famille \u00e0 l'aide de diff\u00e9rents outils (arbre de famille, photographie, gestalt de groupe, collage, \u00e9criture...) et mettre en forme l'empreinte des g\u00e9n\u00e9rations pr\u00e9c\u00e9dentes sur nos vies.","_links":{"self":[{"href":"https:\/\/ledetour-therapie.com\/index.php\/wp-json\/wp\/v2\/posts\/1","targetHints":{"allow":["GET"]}}],"collection":[{"href":"https:\/\/ledetour-therapie.com\/index.php\/wp-json\/wp\/v2\/posts"}],"about":[{"href":"https:\/\/ledetour-therapie.com\/index.php\/wp-json\/wp\/v2\/types\/post"}],"author":[{"embeddable":true,"href":"https:\/\/ledetour-therapie.com\/index.php\/wp-json\/wp\/v2\/users\/1"}],"replies":[{"embeddable":true,"href":"https:\/\/ledetour-therapie.com\/index.php\/wp-json\/wp\/v2\/comments?post=1"}],"version-history":[{"count":33,"href":"https:\/\/ledetour-therapie.com\/index.php\/wp-json\/wp\/v2\/posts\/1\/revisions"}],"predecessor-version":[{"id":3825,"href":"https:\/\/ledetour-therapie.com\/index.php\/wp-json\/wp\/v2\/posts\/1\/revisions\/3825"}],"wp:featuredmedia":[{"embeddable":true,"href":"https:\/\/ledetour-therapie.com\/index.php\/wp-json\/wp\/v2\/media\/3692"}],"wp:attachment":[{"href":"https:\/\/ledetour-therapie.com\/index.php\/wp-json\/wp\/v2\/media?parent=1"}],"wp:term":[{"taxonomy":"category","embeddable":true,"href":"https:\/\/ledetour-therapie.com\/index.php\/wp-json\/wp\/v2\/categories?post=1"},{"taxonomy":"post_tag","embeddable":true,"href":"https:\/\/ledetour-therapie.com\/index.php\/wp-json\/wp\/v2\/tags?post=1"}],"curies":[{"name":"wp","href":"https:\/\/api.w.org\/{rel}","templated":true}]}}